{"id":2904,"date":"2015-03-02T07:35:37","date_gmt":"2015-03-02T06:35:37","guid":{"rendered":"http:\/\/experience-paleo.fr\/blog\/?p=2904"},"modified":"2015-11-11T16:52:17","modified_gmt":"2015-11-11T15:52:17","slug":"regime-paleo-vegetarien-vegan","status":"publish","type":"post","link":"https:\/\/experience-paleo.fr\/blog\/regime-paleo-vegetarien-vegan\/","title":{"rendered":"Vous envisagez de manger pal\u00e9o v\u00e9g\u00e9tarien ou pal\u00e9o v\u00e9gan ? Lisez ceci."},"content":{"rendered":"<p>La plupart des personnes qui mangent pal\u00e9o le font parce que ce mode d\u2019alimentation favorise la forme et la sant\u00e9, en supprimant des groupes alimentaires qui posent probl\u00e8mes (c\u00e9r\u00e9ales, laitages et aliments transform\u00e9s).<\/p>\n<p>Tandis que la d\u00e9marche v\u00e9g\u00e9tarienne\/v\u00e9g\u00e9talienne (vegan) est g\u00e9n\u00e9ralement motiv\u00e9e par le respect de la condition animale.<\/p>\n<p>Ces deux d\u00e9marches ne sont<strong> pas antagonistes<\/strong>, bien au contraire : <strong>il est louable de vouloir \u00eatre en forme et en bonne sant\u00e9, tout en d\u00e9fendant des valeurs !<\/strong><\/p>\n<p>Cela dit, manger pal\u00e9o ET v\u00e9g\u00e9tarien\/vegan revient \u00e0 <strong>cumuler des contraintes<\/strong>, la question est donc :<\/p>\n<blockquote><p><strong>Est-il possible, sain et tenable de vivre \u00e0 l\u2019intersection de ces deux mondes ?<\/strong><\/p><\/blockquote>\n<p>Je re\u00e7ois r\u00e9guli\u00e8rement des questions sur la possibilit\u00e9 de manger pal\u00e9o et v\u00e9g\u00e9tarien\/v\u00e9g\u00e9talien (vegan).<\/p>\n<p>Cet article vise \u00e0 analyser ce que chacun de ces r\u00e9gimes alimentaires donnent lorsque crois\u00e9s avec le pal\u00e9o, et \u00e0 voir les <strong>challenges<\/strong> que repr\u00e9senteraient de tels modes d&rsquo;alimentation.<\/p>\n<p><img loading=\"lazy\" decoding=\"async\" class=\"size-full wp-image-2912 aligncenter\" alt=\"legumes vegan pal\u00e9o\" src=\"http:\/\/experience-paleo.fr\/blog\/wp-content\/uploads\/2015\/03\/14690349697_22e243679e_z.jpg\" width=\"640\" height=\"406\" srcset=\"https:\/\/experience-paleo.fr\/blog\/wp-content\/uploads\/2015\/03\/14690349697_22e243679e_z.jpg 640w, https:\/\/experience-paleo.fr\/blog\/wp-content\/uploads\/2015\/03\/14690349697_22e243679e_z-300x190.jpg 300w\" sizes=\"auto, (max-width: 640px) 100vw, 640px\" \/><\/p>\n<h1>Pal\u00e9o et vegan \/ veg\u00e9tarien : qu\u2019est-ce qu\u2019on mange ?<\/h1>\n<p>Si l&rsquo;on croise les groupes alimentaires autoris\u00e9s dans les r\u00e9gimes vegan\/v\u00e9g\u00e9taliens et pal\u00e9o, on trouve :<\/p>\n<ul>\n<li>Les fruits<\/li>\n<li>Les v\u00e9g\u00e9taux (l\u00e9gumes, algues, champignons)<\/li>\n<li>Les fruits \u00e0 coques (ol\u00e9agineux) et les graines<\/li>\n<li>Les huiles (olive, <a title=\"Un bon plan pour acheter de l\u2019huile de coco 30% moins cher\" href=\"http:\/\/experience-paleo.fr\/blog\/huile-coco-moins-cher\/\">coco<\/a>, lin et avocat)<\/li>\n<\/ul>\n<p>Oui, c&rsquo;est tr\u00e8s court\u00a0! Combiner le pal\u00e9o et une approche vegan est plut\u00f4t restrictif, puisque sont exclus :<\/p>\n<ul>\n<li>Les c\u00e9r\u00e9ales (bl\u00e9, riz, seigle, orge, \u2026)<\/li>\n<li>Les pseudo-c\u00e9r\u00e9ales (quinoa, sarrasin, \u2026)<\/li>\n<li>Les l\u00e9gumineuses (lentilles, pois, haricots secs, soja et ses d\u00e9riv\u00e9s comme le tofu, \u2026)<\/li>\n<li>Les aliments transform\u00e9s<\/li>\n<li>&#8230; et bien s\u00fbr la viande, le poisson et les fruits de mer, et les \u0153ufs.<\/li>\n<\/ul>\n<p>Pour la suite,<strong> je consid\u00e8re comme v\u00e9g\u00e9tarien ce que mange un v\u00e9g\u00e9talien\/vegan, plus des \u0153ufs. <\/strong><\/p>\n<p>Les produits laitiers sont pal\u00e9o ou non selon les auteurs, personnellement je les consid\u00e8re \u00e0 quelques rares exceptions pr\u00e8s, hors du p\u00e9rim\u00e8tre (cf ci-dessous).<\/p>\n<p><strong>La liste pour les v\u00e9g\u00e9tariens contient donc\u00a0:<\/strong><\/p>\n<ul>\n<li>Les fruits<\/li>\n<li>Les v\u00e9g\u00e9taux (l\u00e9gumes, algues, champignons)<\/li>\n<li>Les fruits \u00e0 coques (ol\u00e9agineux) et les graines<\/li>\n<li>Les huiles (olive, coco, lin et avocat)<\/li>\n<li>Les oeufs<\/li>\n<\/ul>\n<p><img loading=\"lazy\" decoding=\"async\" class=\"aligncenter size-full wp-image-2915\" alt=\"attention\" src=\"http:\/\/experience-paleo.fr\/blog\/wp-content\/uploads\/2015\/03\/attention.png\" width=\"256\" height=\"256\" srcset=\"https:\/\/experience-paleo.fr\/blog\/wp-content\/uploads\/2015\/03\/attention.png 256w, https:\/\/experience-paleo.fr\/blog\/wp-content\/uploads\/2015\/03\/attention-150x150.png 150w, https:\/\/experience-paleo.fr\/blog\/wp-content\/uploads\/2015\/03\/attention-110x110.png 110w\" sizes=\"auto, (max-width: 256px) 100vw, 256px\" \/><\/p>\n<h1>Pal\u00e9o et vegan \/ veg\u00e9tarien : \u00e0 quoi faut-il faire attention\u00a0?<\/h1>\n<p>Nous voyons ici les points \u00e0 surveiller dans le cadre du croisement des approches pal\u00e9o et v\u00e9gan.<\/p>\n<h2>Sans les c\u00e9r\u00e9ales et les l\u00e9gumineuses, des sources limit\u00e9es de prot\u00e9ines<\/h2>\n<p>Je commence par le plus \u00e9vident, une question que les v\u00e9g\u00e9taliens doivent entendre souvent : \u00ab mais o\u00f9 trouves-tu tes prot\u00e9ines ? \u00bb<\/p>\n<p>Traditionnellement, <strong>les principales sources de prot\u00e9ines chez les vegans sont les c\u00e9r\u00e9ales et les l\u00e9gumineuses<\/strong>. Une juste combinaison des deux permet de couvrir un large spectre des acides amin\u00e9s n\u00e9cessaires au bon fonctionnement de l\u2019organisme.<\/p>\n<p>Toutefois ces deux groupes \u00e9tant exclus du r\u00e9gime pal\u00e9o, trouver des prot\u00e9ines devient un tout nouveau challenge pour le pal\u00e9o-vegan (le pal\u00e9o-v\u00e9g\u00e9tarien pourra compter sur les \u0153ufs pour assurer une large partie de ses besoins en prot\u00e9ines).<\/p>\n<p>Quelles sources de prot\u00e9ines pour le pal\u00e9o-v\u00e9g\u00e9talien ?<\/p>\n<p>Il y a d\u2019une part les <strong>fruits \u00e0 coque et les graines<\/strong>, les plus denses en prot\u00e9ines \u00e9tant les graines de courges, les graines de tournesol, les amandes et les pistaches. <strong>Leur<\/strong> <strong>consommation reste n\u00e9anmoins \u00e0 surveiller<\/strong> du fait de leur forte teneur en acides gras om\u00e9ga-6 (pro-inflammatoires).<\/p>\n<p>C\u00f4t\u00e9 <strong>sources v\u00e9g\u00e9tales de prot\u00e9ines<\/strong>, on trouve les \u00e9pinards, le chou kale, le brocoli, les choux de Bruxelles, les artichauts et la spiruline (algue) qui contiennent une quantit\u00e9 raisonnable de prot\u00e9ines. Les graines de chanvre et de chia sont \u00e9galement \u00e0 mettre r\u00e9guli\u00e8rement dans son assiette, du fait de leur teneur en prot\u00e9ine mais aussi en om\u00e9ga-3.<\/p>\n<p>En mettant l\u2019accent sur ces aliments, il serait probablement possible d&rsquo;atteindre des apports suffisants en prot\u00e9ine. Le seul risque serait la monotonie, puisque la liste des aliments riches en prot\u00e9ines chez le pal\u00e9o-v\u00e9gan reste assez limit\u00e9e.<\/p>\n<p>Note\u00a0: <strong>Le chanvre est propos\u00e9 sous la forme de poudre<\/strong> (prot\u00e9ines). Bien que je penche plut\u00f4t pour limiter l&rsquo;utilisation des prot\u00e9ines en poudre \u00e0 des usages bien sp\u00e9cifiques (musculation notamment), dans le cadre d&rsquo;une approche pal\u00e9o v\u00e9g\u00e9tarienne il me semble int\u00e9ressant de consid\u00e9rer un compl\u00e9ment en prot\u00e9ines sous cette forme. <a href=\"http:\/\/www.marksdailyapple.com\/hemp-primal\/\" target=\"_blank\">Mark Sisson classe la prot\u00e9ine de chanvre en num\u00e9ro 2<\/a> (son premier choix \u00e9tant la whey).<\/p>\n<h2><img loading=\"lazy\" decoding=\"async\" class=\"size-full wp-image-2913 aligncenter\" alt=\"Smoothie paleo vegan\" src=\"http:\/\/experience-paleo.fr\/blog\/wp-content\/uploads\/2015\/03\/3652108873_a56ca475cd_z.jpg\" width=\"480\" height=\"640\" srcset=\"https:\/\/experience-paleo.fr\/blog\/wp-content\/uploads\/2015\/03\/3652108873_a56ca475cd_z.jpg 480w, https:\/\/experience-paleo.fr\/blog\/wp-content\/uploads\/2015\/03\/3652108873_a56ca475cd_z-225x300.jpg 225w\" sizes=\"auto, (max-width: 480px) 100vw, 480px\" \/><\/h2>\n<h2>Des risques de carence en micronutriments<\/h2>\n<h3>Carence en vitamine B12<\/h3>\n<p>La vitamine B12 est n\u00e9cessaire pour la r\u00e9gulation de l&rsquo;\u00e9nergie et de l&rsquo;humeur et participe \u00e0 la bonne sant\u00e9 du cerveau. Dans le r\u00e9gime pal\u00e9o, on la trouve dans la viande, les fruits de mer et les \u0153ufs. Autant de sources animales exclues du r\u00e9gime vegan\u00a0!<\/p>\n<p>Les personnes qui suivent un r\u00e9gime v\u00e9g\u00e9talien sont expos\u00e9es \u00e0 des insuffisances d\u2019apport en vitamine B12. Et c&rsquo;est encore plus compliqu\u00e9 chez un pal\u00e9o-vegan, puisque la plupart des sources non carn\u00e9es de vitamine B12 sont des aliments transform\u00e9s (viandes v\u00e9g\u00e9tales, substituts d&rsquo;oeufs, \u2026).<\/p>\n<p>Certaines vari\u00e9t\u00e9s d&rsquo;<strong>algues<\/strong> affichent une concentration int\u00e9ressante de vitamine B12, cependant <strong>la biodisponibilit\u00e9 chez les humains reste limit\u00e9e<\/strong> et ne peut pas garantir des apports suffisants.<\/p>\n<p>Ici il n\u2019y a pas de solution \u00e9vidente, et <strong>une suppl\u00e9mentation en vitamine B12 est fortement conseill\u00e9e<\/strong>.<\/p>\n<h3>Carence en Fer<\/h3>\n<p>Le fer est un autre micronutriment \u00e0 surveiller. De nombreux l\u00e9gumes contiennent du fer, certes, mais il ne s&rsquo;agit pas uniquement de surveiller la quantit\u00e9 ing\u00e9r\u00e9e de fer : il faut consid\u00e9rer le taux d&rsquo;absorption.<\/p>\n<p>Le fer dans les aliments existe sous deux formes principales : h\u00e9minique et non h\u00e9minique. Le taux d&rsquo;absorption moyen du fer h\u00e9minique est d\u2019environ 25 %, tandis que celui du fer NON h\u00e9minique est d\u2019environ 5 %.<\/p>\n<p>Les sources v\u00e9g\u00e9tales renferment uniquement du fer NON h\u00e9minique, au taux d\u2019absorption moindre. C&rsquo;est aussi le cas des \u0153ufs (dans le cas d&rsquo;un r\u00e9gime pal\u00e9o-v\u00e9g\u00e9tarien).<\/p>\n<p>Pour garantir que les besoins en fer sont couverts, <strong>il est conseill\u00e9 de consommer beaucoup plus de fer NON h\u00e9minique qu&rsquo;habituellement recommand\u00e9<\/strong> (AJR).<\/p>\n<p>Parmi les meilleures sources v\u00e9g\u00e9tales et pal\u00e9o de fer, on retrouve la dulse (algue), l&rsquo;ortie, la spiruline, les graines de s\u00e9same, le cacao, la graine de citrouille, le persil.<\/p>\n<p>Une mani\u00e8re d&rsquo;am\u00e9liorer le taux d&rsquo;absorption du fer non h\u00e9minique est de l&rsquo;associer \u00e0 de la vitamine C (consommer des sources de vitamine C \u00e0 chaque repas).<\/p>\n<figure id=\"attachment_2923\" aria-describedby=\"caption-attachment-2923\" style=\"width: 400px\" class=\"wp-caption aligncenter\"><img loading=\"lazy\" decoding=\"async\" class=\"size-full wp-image-2923\" alt=\"La spiruline, une super-algue !\" src=\"http:\/\/experience-paleo.fr\/blog\/wp-content\/uploads\/2015\/03\/spiruline.jpg\" width=\"400\" height=\"266\" srcset=\"https:\/\/experience-paleo.fr\/blog\/wp-content\/uploads\/2015\/03\/spiruline.jpg 400w, https:\/\/experience-paleo.fr\/blog\/wp-content\/uploads\/2015\/03\/spiruline-300x199.jpg 300w\" sizes=\"auto, (max-width: 400px) 100vw, 400px\" \/><figcaption id=\"caption-attachment-2923\" class=\"wp-caption-text\">La spiruline, une super-algue !<\/figcaption><\/figure>\n<h2>Un ratio Omega-3\/Omega-6 \u00e0 surveiller<\/h2>\n<p>Les acides gras devraient \u00eatre un autre sujet de pr\u00e9occupation chez le pal\u00e9o-vegan, en particulier l&rsquo;\u00e9quilibre entre om\u00e9ga-3 et om\u00e9ga 6.<\/p>\n<p>Ces deux acides gras sont essentiels pour la sant\u00e9, mais ils doivent \u00eatre \u00e9quilibr\u00e9. Dans l&rsquo;alimentation occidentale, on trouve en abondance des om\u00e9ga-6 (huiles v\u00e9g\u00e9tales, viande et poissons d&rsquo;\u00e9levage, fruits \u00e0 coque, graines) et peu d&rsquo;om\u00e9ga-3.<\/p>\n<p>On classe les om\u00e9ga-3 selon trois formes : ALA, EPA et DHA. L&rsquo;organisme peut utiliser directement les formes EPA et DHA. L&rsquo;ALA doit \u00eatre d&rsquo;abord transform\u00e9e en l&rsquo;une des deux autres formes, et cette conversion est tr\u00e8s inefficace (notamment pour obtenir de la DHA).<\/p>\n<p>Malheureusement pour les v\u00e9g\u00e9tariens, <strong>les meilleures sources d&rsquo;om\u00e9ga-3 sont la viande de p\u00e2turage et les poissons gras sauvages<\/strong>. R\u00e9duire la consommation d&rsquo;om\u00e9ga-6 peut m\u00e9caniquement r\u00e9duire le besoin d&rsquo;om\u00e9ga-3, mais il est impossible de l&rsquo;annuler.<\/p>\n<p>Pour assurer ses besoins, le pal\u00e9o-v\u00e9gan pourra consommer des <strong>graines de lin ou de chia<\/strong> (riches en ALA). L\u2019organisme transformera une partie pour assurer ses besoins en EPA. Mais pour la forme DHA, il n&rsquo;y a pas de solution alimentaire simple, et la conversion ALA -&gt; DHA reste inefficace. Dans ce cas, il faudrait <strong>consid\u00e9rer la solution d\u2019un compl\u00e9ment alimentaire en DHA v\u00e9g\u00e9talien<\/strong>.<\/p>\n<p>Dans tous les cas, il conviendra de<strong> limiter la consommation de fruits \u00e0 coque et de graines<\/strong>, du fait de leur grande concentration en om\u00e9ga-6 pro-inflammatoires.<\/p>\n<p>De son c\u00f4t\u00e9, le pal\u00e9o-v\u00e9g\u00e9tarien pourra compter sur les \u0153ufs bio (notamment les \u0153ufs bio enrichis en om\u00e9ga-3) pour couvrir ses besoins.<\/p>\n<figure id=\"attachment_2916\" aria-describedby=\"caption-attachment-2916\" style=\"width: 550px\" class=\"wp-caption aligncenter\"><img loading=\"lazy\" decoding=\"async\" class=\"size-full wp-image-2916\" alt=\"Des graines de chia\" src=\"http:\/\/experience-paleo.fr\/blog\/wp-content\/uploads\/2015\/03\/chia-seeds.jpg\" width=\"550\" height=\"367\" srcset=\"https:\/\/experience-paleo.fr\/blog\/wp-content\/uploads\/2015\/03\/chia-seeds.jpg 550w, https:\/\/experience-paleo.fr\/blog\/wp-content\/uploads\/2015\/03\/chia-seeds-300x200.jpg 300w\" sizes=\"auto, (max-width: 550px) 100vw, 550px\" \/><figcaption id=\"caption-attachment-2916\" class=\"wp-caption-text\">Des graines de chia<\/figcaption><\/figure>\n<h1>Mes conseils aux pal\u00e9o-v\u00e9g\u00e9tariens<\/h1>\n<p>Vous l\u2019avez compris, il n\u2019est <strong>pas \u00e9vident<\/strong> de croiser les approches pal\u00e9o et vegan\/v\u00e9g\u00e9tarien, et il faudra pr\u00eater beaucoup d\u2019attention au profil nutritionnel des aliments pour \u00eatre s\u00fbr de pr\u00e9server sa sant\u00e9.<\/p>\n<p>Voici quelques conseils pratiques \u00e0 destination de celles et ceux qui souhaitent s&#8217;embarquer dans l&rsquo;aventure.<\/p>\n<h2>Conseil #1 aux pal\u00e9o-v\u00e9g\u00e9tariens : Manger beaucoup d\u2019\u0153ufs<\/h2>\n<p>Amis vegan, passez votre chemin ! Cette option ne marche que pour les pal\u00e9o v\u00e9g\u00e9tariens&#8230;<\/p>\n<p><img loading=\"lazy\" decoding=\"async\" class=\"alignleft size-medium wp-image-2917\" alt=\"oeufs\" src=\"http:\/\/experience-paleo.fr\/blog\/wp-content\/uploads\/2015\/03\/oeufs-300x169.jpg\" width=\"300\" height=\"169\" srcset=\"https:\/\/experience-paleo.fr\/blog\/wp-content\/uploads\/2015\/03\/oeufs-300x169.jpg 300w, https:\/\/experience-paleo.fr\/blog\/wp-content\/uploads\/2015\/03\/oeufs.jpg 608w\" sizes=\"auto, (max-width: 300px) 100vw, 300px\" \/>Un \u0153uf de poule moyen contient 6 grammes de prot\u00e9ines compl\u00e8tes et offre un bon apport nutritionnel en vitamines D, B2 et B12. Un aliment \u00e0 ne pas manquer si vous d\u00e9cidez de le garder au menu\u00a0!<\/p>\n<p>Choisissez vos \u0153ufs bio, de la meilleure qualit\u00e9 possible\u00a0: ils doivent bien s\u00fbr \u00eatre issus de poules ayant vu la lumi\u00e8re du jour et ayant couru un peu partout\u00a0! Ces \u0153ufs vous apporteront alors une dose int\u00e9ressante d&rsquo;om\u00e9ga-3.<\/p>\n<p>Sachez varier les \u0153ufs ! Sur mon march\u00e9 je trouve r\u00e9guli\u00e8rement des \u0153ufs de cane ou d&rsquo;oie par exemple. \u00c7a apporte de la vari\u00e9t\u00e9. Il est \u00e9galement relativement facile de trouver des \u0153ufs de caille (d\u00e9licieux \u00e0 la coque en salade !).<\/p>\n<h2>Conseil #2 aux pal\u00e9o-v\u00e9g\u00e9tariens : Autoriser les pseudo-c\u00e9r\u00e9ales et les l\u00e9gumineuses<\/h2>\n<p>Dans le cadre d\u2019une alimentation pal\u00e9o riche et vari\u00e9e, je reste convaincu que les pseudo-c\u00e9r\u00e9ales comme le quinoa ou le sarrasin ne sont <strong>pas indispensables<\/strong>.<\/p>\n<p>Cependant dans le cadre d\u2019une alimentation pal\u00e9o-v\u00e9g\u00e9tarienne, leur apport en prot\u00e9ine ainsi que la vari\u00e9t\u00e9 dans l\u2019assiette qu\u2019elles repr\u00e9sentent, compensent leurs points faibles (qui est, comme les c\u00e9r\u00e9ales, d\u2019inclure un syst\u00e8me de d\u00e9fense qui irrite le petit intestin).<\/p>\n<p>Idem pour les <strong>l\u00e9gumineuses<\/strong>.<\/p>\n<p><img loading=\"lazy\" decoding=\"async\" class=\"alignleft size-medium wp-image-2918\" alt=\"legumineuses\" src=\"http:\/\/experience-paleo.fr\/blog\/wp-content\/uploads\/2015\/03\/legumineuses_0-300x188.png\" width=\"300\" height=\"188\" srcset=\"https:\/\/experience-paleo.fr\/blog\/wp-content\/uploads\/2015\/03\/legumineuses_0-300x188.png 300w, https:\/\/experience-paleo.fr\/blog\/wp-content\/uploads\/2015\/03\/legumineuses_0.png 630w\" sizes=\"auto, (max-width: 300px) 100vw, 300px\" \/>Elles sont exclues du pal\u00e9o \u00e0 cause de leur propension \u00e0 irriter la paroi intestinale (lectines) et \u00e0 cause des antinutriments (phytates) qu&rsquo;elle contiennent (<a title=\"Trois bonnes raisons d\u2019\u00e9viter les c\u00e9r\u00e9ales et les l\u00e9gumineuses\" href=\"http:\/\/experience-paleo.fr\/blog\/paleo-gluten-phytates-lectines\/\">voir ici<\/a>).<\/p>\n<p>Toutefois il faut noter qu&rsquo;avec <strong>une pr\u00e9paration ad\u00e9quat<\/strong>e (germination, trempage, fermentation), on peut <strong>limiter les inconv\u00e9nients de ces aliments<\/strong>. Cela demande de l\u2019organisation mais rien d\u2019insurmontable.<\/p>\n<p>Ce sujet a \u00e9t\u00e9 tr\u00e8s bien trait\u00e9 sur Vivre Pal\u00e9o (<a href=\"http:\/\/vivre-paleo.fr\/la-face-cachee-des-vegetaux\/\" target=\"_blank\">ici<\/a>, <a href=\"http:\/\/vivre-paleo.fr\/lectines-trous-intestins\/\" target=\"_blank\">ici<\/a> et <a href=\"http:\/\/vivre-paleo.fr\/saponine-inhibiteur-protease\/\" target=\"_blank\">ici<\/a>)\u00a0! (merci Julien)<\/p>\n<p>Si les l\u00e9gumineuses peuvent \u00eatre consomm\u00e9es sous certaines conditions de pr\u00e9paration, attention toutefois aux aliments transform\u00e9s, notamment issus du soja.<\/p>\n<p>Devinez quoi, les industriels ne s\u2019emb\u00eatent pas \u00e0 faire tremper leur graines de soja avant d\u2019en faire du tofu \ud83d\ude42 Surprenant\u00a0! Idem pour les lentilles en boites&#8230;<\/p>\n<p>Quand on parle de consommer des l\u00e9gumineuses, il faut pr\u00e9f\u00e9rer les graines crues et les pr\u00e9parer soi-m\u00eame.<\/p>\n<h2>Conseil #3 aux pal\u00e9o-v\u00e9g\u00e9tariens : Envisager les produits laitiers<\/h2>\n<p>Ici encore, je m&rsquo;adresse aux v\u00e9g\u00e9tariens, les vegans excluant tout produit de source animale.<\/p>\n<p>Pal\u00e9o ou pas ? Les produits laitiers entra\u00eenent toujours un vaste d\u00e9bat.<\/p>\n<p>D&rsquo;une mani\u00e8re g\u00e9n\u00e9rale, ils favorisent le d\u00e9veloppement de l&rsquo;intestin poreux et du candida albicans et entra\u00eenent un \u00e9tat de d\u00e9pendance comme le bl\u00e9 et le sucre. Le lait apporte quelques nutriments, mais il contient aussi des \u00e9l\u00e9ments nocifs pour l&rsquo;homme comme la cas\u00e9ine.<\/p>\n<p>Mark Sisson les consid\u00e8re comme pal\u00e9o, s&rsquo;ils sont ferment\u00e9s et au lait cru. D&rsquo;autres auteurs (Robb Wolf, Loren Cordain) les consid\u00e8rent hors p\u00e9rim\u00e8tre.<\/p>\n<p>Le pal\u00e9o-v\u00e9g\u00e9tarien est invit\u00e9 \u00e0 faire un essai\u00a0! Si les produits laitiers permettent de consommer un peu plus de vitamine B12, pourquoi pas.<\/p>\n<p>Les plus pal\u00e9o des produits laitiers sont les fromages de brebis et ch\u00e8vre (coucou la Corse\u00a0!).<\/p>\n<p>Ils ne contiennent plus de lactose et sont g\u00e9n\u00e9ralement mieux tol\u00e9r\u00e9s par l&rsquo;organisme.<\/p>\n<h1><img loading=\"lazy\" decoding=\"async\" class=\"aligncenter size-full wp-image-2920\" alt=\"sante\" src=\"http:\/\/experience-paleo.fr\/blog\/wp-content\/uploads\/2015\/03\/sante.jpg\" width=\"500\" height=\"325\" srcset=\"https:\/\/experience-paleo.fr\/blog\/wp-content\/uploads\/2015\/03\/sante.jpg 500w, https:\/\/experience-paleo.fr\/blog\/wp-content\/uploads\/2015\/03\/sante-300x195.jpg 300w\" sizes=\"auto, (max-width: 500px) 100vw, 500px\" \/><\/h1>\n<h1>En conclusion : mangez ce qui vous r\u00e9ussit<\/h1>\n<p>Combiner les approches vegan et pal\u00e9o demanderait un suivi tr\u00e8s pr\u00e9cis des (macro)nutriments, et une suppl\u00e9mentation en B12 et en DHA s\u2019av\u00e9rerait n\u00e9cessaire. Le risque de monotonie est aussi l\u00e0&#8230; mais rien n&rsquo;est impossible.<\/p>\n<p>Dans la pratique, une telle approche resterait certainement <strong>difficile \u00e0 suivre<\/strong>, notamment dans un <strong>environnement social<\/strong>.<\/p>\n<p>Afin de limiter les contraintes, <strong>des entorses au pal\u00e9o strict seraient tr\u00e8s certainement n\u00e9cessaires<\/strong>\u00a0: l\u00e9gumineuses bien pr\u00e9par\u00e9es, produits laitiers choisis avec attention et de bonne qualit\u00e9, prot\u00e9ines de chanvre.<\/p>\n<p>Enfin, n&rsquo;oubliez pas que le but de l&rsquo;alimentation doit \u00eatre de <strong>promouvoir la sant\u00e9<\/strong>.<\/p>\n<p>Pas de rentrer dans des \u00e9tiquettes\u00a0!<\/p>\n<p>Donc <strong>mangez ce qui vous r\u00e9ussit<\/strong>, en accord avec votre sensibilit\u00e9 ou vos valeurs.<\/p>\n<p>Et tant pis si ce n&rsquo;est pas pal\u00e9o. On reste amis c&rsquo;est promis \ud83d\ude42<\/p>\n<p>Le but est de <a title=\"Trouver son alimentation optimale\" href=\"http:\/\/experience-paleo.fr\/blog\/alimentation-optimale\/\">trouver son alimentation optimale<\/a>.<\/p>\n<p>Bonne route \u00e0 toutes et \u00e0 tous\u00a0!<\/p>\n","protected":false},"excerpt":{"rendered":"<p>La plupart des personnes qui mangent pal\u00e9o le font parce que ce mode d\u2019alimentation favorise la forme et la sant\u00e9, en supprimant des groupes alimentaires qui posent probl\u00e8mes (c\u00e9r\u00e9ales, laitages et aliments transform\u00e9s). Tandis que la d\u00e9marche v\u00e9g\u00e9tarienne\/v\u00e9g\u00e9talienne (vegan) est g\u00e9n\u00e9ralement motiv\u00e9e par le respect de la condition animale. Ces deux d\u00e9marches ne sont pas [&hellip;]<\/p>\n","protected":false},"author":1,"featured_media":2912,"comment_status":"open","ping_status":"open","sticky":false,"template":"","format":"standard","meta":{"wprm-recipe-roundup-name":"","wprm-recipe-roundup-description":"","_genesis_hide_title":false,"_genesis_hide_breadcrumbs":false,"_genesis_hide_singular_image":false,"_genesis_hide_footer_widgets":false,"_genesis_custom_body_class":"","_genesis_custom_post_class":"","_genesis_layout":"","footnotes":""},"categories":[62],"tags":[26,17,41],"class_list":{"0":"post-2904","1":"post","2":"type-post","3":"status-publish","4":"format-standard","5":"has-post-thumbnail","7":"category-manger-paleo","8":"tag-essayer-le-regime-paleo","9":"tag-idees-paleo","10":"tag-question-de-lecteur","11":"entry"},"yoast_head":"<!-- This site is optimized with the Yoast SEO plugin v19.5.1 - https:\/\/yoast.com\/wordpress\/plugins\/seo\/ -->\n<title>Vous envisagez de manger pal\u00e9o v\u00e9g\u00e9tarien ou pal\u00e9o v\u00e9gan ? Lisez ceci. - Exp\u00e9rience Pal\u00e9o - Adoptez le r\u00e9gime pal\u00e9olithique<\/title>\n<meta name=\"robots\" content=\"index, follow, max-snippet:-1, max-image-preview:large, max-video-preview:-1\" \/>\n<link rel=\"canonical\" href=\"https:\/\/experience-paleo.fr\/blog\/regime-paleo-vegetarien-vegan\/\" \/>\n<meta property=\"og:locale\" content=\"fr_FR\" \/>\n<meta property=\"og:type\" content=\"article\" \/>\n<meta property=\"og:title\" content=\"Vous envisagez de manger pal\u00e9o v\u00e9g\u00e9tarien ou pal\u00e9o v\u00e9gan ? Lisez ceci. - Exp\u00e9rience Pal\u00e9o - Adoptez le r\u00e9gime pal\u00e9olithique\" \/>\n<meta property=\"og:description\" content=\"La plupart des personnes qui mangent pal\u00e9o le font parce que ce mode d\u2019alimentation favorise la forme et la sant\u00e9, en supprimant des groupes alimentaires qui posent probl\u00e8mes (c\u00e9r\u00e9ales, laitages et aliments transform\u00e9s). Tandis que la d\u00e9marche v\u00e9g\u00e9tarienne\/v\u00e9g\u00e9talienne (vegan) est g\u00e9n\u00e9ralement motiv\u00e9e par le respect de la condition animale. Ces deux d\u00e9marches ne sont pas [&hellip;]\" \/>\n<meta property=\"og:url\" content=\"https:\/\/experience-paleo.fr\/blog\/regime-paleo-vegetarien-vegan\/\" \/>\n<meta property=\"og:site_name\" content=\"Exp\u00e9rience Pal\u00e9o - Adoptez le r\u00e9gime pal\u00e9olithique\" \/>\n<meta property=\"article:publisher\" content=\"https:\/\/facebook.com\/experiencePaleo\" \/>\n<meta property=\"article:published_time\" content=\"2015-03-02T06:35:37+00:00\" \/>\n<meta property=\"article:modified_time\" content=\"2015-11-11T15:52:17+00:00\" \/>\n<meta property=\"og:image\" content=\"https:\/\/experience-paleo.fr\/blog\/wp-content\/uploads\/2015\/03\/14690349697_22e243679e_z.jpg\" \/>\n\t<meta property=\"og:image:width\" content=\"640\" \/>\n\t<meta property=\"og:image:height\" content=\"406\" \/>\n\t<meta property=\"og:image:type\" content=\"image\/jpeg\" \/>\n<meta name=\"author\" content=\"Sylvain\" \/>\n<meta name=\"twitter:card\" content=\"summary_large_image\" \/>\n<meta name=\"twitter:label1\" content=\"\u00c9crit par\" \/>\n\t<meta name=\"twitter:data1\" content=\"Sylvain\" \/>\n\t<meta name=\"twitter:label2\" content=\"Dur\u00e9e de lecture estim\u00e9e\" \/>\n\t<meta name=\"twitter:data2\" content=\"11 minutes\" \/>\n<script type=\"application\/ld+json\" class=\"yoast-schema-graph\">{\"@context\":\"https:\/\/schema.org\",\"@graph\":[{\"@type\":\"WebPage\",\"@id\":\"https:\/\/experience-paleo.fr\/blog\/regime-paleo-vegetarien-vegan\/\",\"url\":\"https:\/\/experience-paleo.fr\/blog\/regime-paleo-vegetarien-vegan\/\",\"name\":\"Vous envisagez de manger pal\u00e9o v\u00e9g\u00e9tarien ou pal\u00e9o v\u00e9gan ? Lisez ceci. - Exp\u00e9rience Pal\u00e9o - Adoptez le r\u00e9gime pal\u00e9olithique\",\"isPartOf\":{\"@id\":\"https:\/\/experience-paleo.fr\/blog\/#website\"},\"datePublished\":\"2015-03-02T06:35:37+00:00\",\"dateModified\":\"2015-11-11T15:52:17+00:00\",\"author\":{\"@id\":\"https:\/\/experience-paleo.fr\/blog\/#\/schema\/person\/d43605ef0d5681c1b27a4ba1fede1cf4\"},\"breadcrumb\":{\"@id\":\"https:\/\/experience-paleo.fr\/blog\/regime-paleo-vegetarien-vegan\/#breadcrumb\"},\"inLanguage\":\"fr-FR\",\"potentialAction\":[{\"@type\":\"ReadAction\",\"target\":[\"https:\/\/experience-paleo.fr\/blog\/regime-paleo-vegetarien-vegan\/\"]}]},{\"@type\":\"BreadcrumbList\",\"@id\":\"https:\/\/experience-paleo.fr\/blog\/regime-paleo-vegetarien-vegan\/#breadcrumb\",\"itemListElement\":[{\"@type\":\"ListItem\",\"position\":1,\"name\":\"Vous envisagez de manger pal\u00e9o v\u00e9g\u00e9tarien ou pal\u00e9o v\u00e9gan ? Lisez ceci.\"}]},{\"@type\":\"WebSite\",\"@id\":\"https:\/\/experience-paleo.fr\/blog\/#website\",\"url\":\"https:\/\/experience-paleo.fr\/blog\/\",\"name\":\"Exp\u00e9rience Pal\u00e9o - Adoptez le r\u00e9gime pal\u00e9olithique\",\"description\":\"Le r\u00e9gime pal\u00e9o, tout simplement\",\"potentialAction\":[{\"@type\":\"SearchAction\",\"target\":{\"@type\":\"EntryPoint\",\"urlTemplate\":\"https:\/\/experience-paleo.fr\/blog\/?s={search_term_string}\"},\"query-input\":\"required name=search_term_string\"}],\"inLanguage\":\"fr-FR\"},{\"@type\":\"Person\",\"@id\":\"https:\/\/experience-paleo.fr\/blog\/#\/schema\/person\/d43605ef0d5681c1b27a4ba1fede1cf4\",\"name\":\"Sylvain\",\"image\":{\"@type\":\"ImageObject\",\"inLanguage\":\"fr-FR\",\"@id\":\"https:\/\/experience-paleo.fr\/blog\/#\/schema\/person\/image\/\",\"url\":\"https:\/\/secure.gravatar.com\/avatar\/f7733f3d5cfd6fa1ed288bae35c163c7?s=96&r=g\",\"contentUrl\":\"https:\/\/secure.gravatar.com\/avatar\/f7733f3d5cfd6fa1ed288bae35c163c7?s=96&r=g\",\"caption\":\"Sylvain\"},\"sameAs\":[\"http:\/\/www.experience-paleo.fr\"],\"url\":\"https:\/\/experience-paleo.fr\/blog\/author\/admin\/\"}]}<\/script>\n<!-- \/ Yoast SEO plugin. -->","yoast_head_json":{"title":"Vous envisagez de manger pal\u00e9o v\u00e9g\u00e9tarien ou pal\u00e9o v\u00e9gan ? Lisez ceci. - Exp\u00e9rience Pal\u00e9o - Adoptez le r\u00e9gime pal\u00e9olithique","robots":{"index":"index","follow":"follow","max-snippet":"max-snippet:-1","max-image-preview":"max-image-preview:large","max-video-preview":"max-video-preview:-1"},"canonical":"https:\/\/experience-paleo.fr\/blog\/regime-paleo-vegetarien-vegan\/","og_locale":"fr_FR","og_type":"article","og_title":"Vous envisagez de manger pal\u00e9o v\u00e9g\u00e9tarien ou pal\u00e9o v\u00e9gan ? Lisez ceci. - Exp\u00e9rience Pal\u00e9o - Adoptez le r\u00e9gime pal\u00e9olithique","og_description":"La plupart des personnes qui mangent pal\u00e9o le font parce que ce mode d\u2019alimentation favorise la forme et la sant\u00e9, en supprimant des groupes alimentaires qui posent probl\u00e8mes (c\u00e9r\u00e9ales, laitages et aliments transform\u00e9s). Tandis que la d\u00e9marche v\u00e9g\u00e9tarienne\/v\u00e9g\u00e9talienne (vegan) est g\u00e9n\u00e9ralement motiv\u00e9e par le respect de la condition animale. Ces deux d\u00e9marches ne sont pas [&hellip;]","og_url":"https:\/\/experience-paleo.fr\/blog\/regime-paleo-vegetarien-vegan\/","og_site_name":"Exp\u00e9rience Pal\u00e9o - Adoptez le r\u00e9gime pal\u00e9olithique","article_publisher":"https:\/\/facebook.com\/experiencePaleo","article_published_time":"2015-03-02T06:35:37+00:00","article_modified_time":"2015-11-11T15:52:17+00:00","og_image":[{"width":640,"height":406,"url":"https:\/\/experience-paleo.fr\/blog\/wp-content\/uploads\/2015\/03\/14690349697_22e243679e_z.jpg","type":"image\/jpeg"}],"author":"Sylvain","twitter_card":"summary_large_image","twitter_misc":{"\u00c9crit par":"Sylvain","Dur\u00e9e de lecture estim\u00e9e":"11 minutes"},"schema":{"@context":"https:\/\/schema.org","@graph":[{"@type":"WebPage","@id":"https:\/\/experience-paleo.fr\/blog\/regime-paleo-vegetarien-vegan\/","url":"https:\/\/experience-paleo.fr\/blog\/regime-paleo-vegetarien-vegan\/","name":"Vous envisagez de manger pal\u00e9o v\u00e9g\u00e9tarien ou pal\u00e9o v\u00e9gan ? Lisez ceci. - Exp\u00e9rience Pal\u00e9o - Adoptez le r\u00e9gime pal\u00e9olithique","isPartOf":{"@id":"https:\/\/experience-paleo.fr\/blog\/#website"},"datePublished":"2015-03-02T06:35:37+00:00","dateModified":"2015-11-11T15:52:17+00:00","author":{"@id":"https:\/\/experience-paleo.fr\/blog\/#\/schema\/person\/d43605ef0d5681c1b27a4ba1fede1cf4"},"breadcrumb":{"@id":"https:\/\/experience-paleo.fr\/blog\/regime-paleo-vegetarien-vegan\/#breadcrumb"},"inLanguage":"fr-FR","potentialAction":[{"@type":"ReadAction","target":["https:\/\/experience-paleo.fr\/blog\/regime-paleo-vegetarien-vegan\/"]}]},{"@type":"BreadcrumbList","@id":"https:\/\/experience-paleo.fr\/blog\/regime-paleo-vegetarien-vegan\/#breadcrumb","itemListElement":[{"@type":"ListItem","position":1,"name":"Vous envisagez de manger pal\u00e9o v\u00e9g\u00e9tarien ou pal\u00e9o v\u00e9gan ? Lisez ceci."}]},{"@type":"WebSite","@id":"https:\/\/experience-paleo.fr\/blog\/#website","url":"https:\/\/experience-paleo.fr\/blog\/","name":"Exp\u00e9rience Pal\u00e9o - Adoptez le r\u00e9gime pal\u00e9olithique","description":"Le r\u00e9gime pal\u00e9o, tout simplement","potentialAction":[{"@type":"SearchAction","target":{"@type":"EntryPoint","urlTemplate":"https:\/\/experience-paleo.fr\/blog\/?s={search_term_string}"},"query-input":"required name=search_term_string"}],"inLanguage":"fr-FR"},{"@type":"Person","@id":"https:\/\/experience-paleo.fr\/blog\/#\/schema\/person\/d43605ef0d5681c1b27a4ba1fede1cf4","name":"Sylvain","image":{"@type":"ImageObject","inLanguage":"fr-FR","@id":"https:\/\/experience-paleo.fr\/blog\/#\/schema\/person\/image\/","url":"https:\/\/secure.gravatar.com\/avatar\/f7733f3d5cfd6fa1ed288bae35c163c7?s=96&r=g","contentUrl":"https:\/\/secure.gravatar.com\/avatar\/f7733f3d5cfd6fa1ed288bae35c163c7?s=96&r=g","caption":"Sylvain"},"sameAs":["http:\/\/www.experience-paleo.fr"],"url":"https:\/\/experience-paleo.fr\/blog\/author\/admin\/"}]}},"_links":{"self":[{"href":"https:\/\/experience-paleo.fr\/blog\/wp-json\/wp\/v2\/posts\/2904","targetHints":{"allow":["GET"]}}],"collection":[{"href":"https:\/\/experience-paleo.fr\/blog\/wp-json\/wp\/v2\/posts"}],"about":[{"href":"https:\/\/experience-paleo.fr\/blog\/wp-json\/wp\/v2\/types\/post"}],"author":[{"embeddable":true,"href":"https:\/\/experience-paleo.fr\/blog\/wp-json\/wp\/v2\/users\/1"}],"replies":[{"embeddable":true,"href":"https:\/\/experience-paleo.fr\/blog\/wp-json\/wp\/v2\/comments?post=2904"}],"version-history":[{"count":16,"href":"https:\/\/experience-paleo.fr\/blog\/wp-json\/wp\/v2\/posts\/2904\/revisions"}],"predecessor-version":[{"id":2927,"href":"https:\/\/experience-paleo.fr\/blog\/wp-json\/wp\/v2\/posts\/2904\/revisions\/2927"}],"wp:featuredmedia":[{"embeddable":true,"href":"https:\/\/experience-paleo.fr\/blog\/wp-json\/wp\/v2\/media\/2912"}],"wp:attachment":[{"href":"https:\/\/experience-paleo.fr\/blog\/wp-json\/wp\/v2\/media?parent=2904"}],"wp:term":[{"taxonomy":"category","embeddable":true,"href":"https:\/\/experience-paleo.fr\/blog\/wp-json\/wp\/v2\/categories?post=2904"},{"taxonomy":"post_tag","embeddable":true,"href":"https:\/\/experience-paleo.fr\/blog\/wp-json\/wp\/v2\/tags?post=2904"}],"curies":[{"name":"wp","href":"https:\/\/api.w.org\/{rel}","templated":true}]}}